{"id":3711,"date":"2024-10-23T17:01:44","date_gmt":"2024-10-23T15:01:44","guid":{"rendered":"https:\/\/fas.it\/?post_type=news&#038;p=3711"},"modified":"2025-12-12T14:40:31","modified_gmt":"2025-12-12T13:40:31","slug":"fas-international-acquisisce-il-35-della-veronese-alturas-sistemi-srl-sistemi-gestionali-per-il-vending-e-vara-il-nuovo-piano-industriale-2025-27","status":"publish","type":"news","link":"https:\/\/www.fas.it\/it\/news\/fas-international-acquisisce-il-35-della-veronese-alturas-sistemi-srl-sistemi-gestionali-per-il-vending-e-vara-il-nuovo-piano-industriale-2025-27\/","title":{"rendered":"Fas International acquisisce il 35% della veronese Alturas Sistemi Srl (sistemi gestionali per il vending) e vara il nuovo Piano Industriale 2025-27"},"content":{"rendered":"\n<section class=\"block-spacer -bg-white -space-xxxl\">\n\n<\/section>\n\n\n\n\n<section  class=\"block-content-half-columns -bg-white -content-mode-title_text\">\n  <div class=\"block-content-half-columns__row\">\n    <div class=\"block-content-half-columns__column\">\n          <h5 class=\"block-content-half-columns__title\" data-inview data-split>Il Direttore Generale Francesco Cantini: \u00abVogliamo accelerare la trasformazione del vending classico spingendo su macchine sempre pi\u00f9 tecnologiche e connesse e ampliare il nostro business grazie all\u2019approccio Retail Tech\u00bb<\/h5>\n        <\/div>\n    <div class=\"block-content-half-columns__column\">\n              <div class=\"block-content-half-columns__text\" data-inview><p>Fas International Spa, azienda vicentina tra i principali player nel mercato del retail automatico, ha acquisito il 35% di Alturas Sistemi Srl, software house di Villafranca di Verona (VR) specializzata in progetti gestionali avanzati, progettazione di applicazioni personalizzate e infrastrutture hardware e software. L\u2019operazione rientra nel progetto di sviluppo aziendale che trova applicazione nel nuovo piano industriale 2025-27, il quale si pone come obiettivo il raggiungimento dei 70 milioni di euro di fatturato, dagli attuali 53.<\/p>\n<\/div>\n                  <\/div>\n  <\/div>\n<\/section>\n\n\n\n\n<section class=\"block-spacer -bg-white -space-xxl\">\n\n<\/section>\n\n\n\n\n<section  class=\"block-content-half-columns -bg-white -content-mode-title_text\">\n  <div class=\"block-content-half-columns__row\">\n    <div class=\"block-content-half-columns__column\">\n          <h5 class=\"block-content-half-columns__title\" data-inview data-split>Con Alturas verso un modello pi\u00f9 tecnologico per il Retail Tech<\/h5>\n        <\/div>\n    <div class=\"block-content-half-columns__column\">\n              <div class=\"block-content-half-columns__text\" data-inview><p>\u201cAlturas Sistemi collabora con importanti partner tecnologici per lo sviluppo della telemetria dell\u2019intelligenza artificiale per potenziare e ottimizzare ogni aspetto della gestione del vending.<\/p>\n<p>La telemetria in combinata con l\u2019intelligenza artificiale supporta l\u2019operatore in ogni fase, consentendo di ottenere un controllo totale sui distributori automatici installati. Questo significa avere la certezza dei prodotti presenti in macchina e della loro posizione, avere statistiche certe sui prodotti venduti dalla macchina, eliminare errori nei prezzi degli articoli.<\/p>\n<p>Per Fas, che non esclude in futuro un rafforzamento della partecipazione, l\u2019investimento in Alturas Sistemi rappresenta un\u2019opportunit\u00e0 di miglioramento dell\u2019architettura digitale grazie all\u2019integrazione di un ecosistema software e hardware.<\/p>\n<p>\u00abFas ambisce ad assumere un ruolo guida nel Retail Tech \u2013 spiega il Direttore Generale di Fas International Francesco Cantini \u2013, ovvero nell\u2019uso e nell\u2019applicazione di tecnologie innovative e digitali nell\u2019ambito del settore del commercio al dettaglio (retail). Con Alturas saremo in grado di ampliare ulteriormente la nostra capacit\u00e0 di acquisizione, elaborazione e gestione del dato, offrendo un approccio a 360\u00b0 focalizzato sul consumatore finale, che porter\u00e0 di conseguenza benefici sia all\u2019operatore del vending che ai produttori di food &#038; beverage. Inoltre, questa operazione ci permetter\u00e0 di espanderci verso nuovi modelli di business al di fuori del perimetro del vending classico. Siamo entusiasti di questo rafforzamento della sinergia con Alturas, con cui collaboriamo gi\u00e0 da anni\u00bb.<\/p>\n<p>\u00abGrazie alla partnership con Fas International \u2013 aggiunge Giovanni Pizzoli, Amministratore Delegato di Alturas Sistemi \u2013 la nostra azienda avr\u00e0 la possibilit\u00e0 di ampliare il pacchetto dei servizi offerti sia sul fronte software\/gestionale che sulla consulenza, cos\u00ec da apportare un ulteriore significativo efficientamento e valorizzazione della modalit\u00e0 di gestione del business da parte degli operatori del vending\u00bb.<\/p>\n<\/div>\n                  <\/div>\n  <\/div>\n<\/section>\n\n\n\n\n<section class=\"block-spacer -bg-white -space-xxl\">\n\n<\/section>\n\n\n\n\n<section  class=\"block-content-half-columns -bg-white -content-mode-title_text\">\n  <div class=\"block-content-half-columns__row\">\n    <div class=\"block-content-half-columns__column\">\n          <h5 class=\"block-content-half-columns__title\" data-inview data-split>Dal Piano industriale 2025-27 una spinta verso l\u2019estero<\/h5>\n        <\/div>\n    <div class=\"block-content-half-columns__column\">\n              <div class=\"block-content-half-columns__text\" data-inview><p>Dopo aver chiuso il 2023 a 53 milioni di euro di fatturato, in aumento del +12,5% rispetto ai 48,5 milioni del 2022, Fas International si prepara a chiudere il 2024 con un\u2019ulteriore significativa crescita di fatturato che arriva a sfiorare i 59 milioni, circa l\u201911% in pi\u00f9 rispetto al 2023. L\u2019azienda ha obiettivi di sviluppo ben delineati dal Piano industriale 2025-27, che prevede di raggiungere i 70 milioni di euro nell\u2019arco di Piano, rimanendo stabilmente sopra il 20% di Ebitda, e dunque riportando la redditivit\u00e0 ai livelli pre-covid, con uno sguardo rivolto al traguardo dei 100 milioni, obiettivo da raggiungere nell\u2019arco del successivo triennio.<\/p>\n<p>Gli obiettivi del Piano prevedono una crescita organica con accelerazione delle iniziative gi\u00e0 in essere e sono focalizzate, nello specifico, nel perseguire l\u2019aumento della quota di mercato nelle varie geografie, consolidando i risultati raggiunti nella linea del freddo esistente e sviluppando aggressivamente i nuovi segmenti pi\u00f9 innovativi e tecnologici rivolti soprattutto al mercato extra vending \u2013 negozi automatici, ristorazione, retail, non food, etc. \u2013, con prodotti di alta gamma quali le lift con ascensore selettivo, le Skudo \u2013 macchine blindate con certificazione \u2018outdoor\u2019 IP24 \u2013, le macchine a spirali Excellence a 12 selezioni Cashback e Full View, ed infine la linea di macchine a dischi Easy 6000 \u2013 Food e Retail. Inoltre, \u00e8 previsto uno sviluppo altrettanto aggressivo per tutta la gamma del caldo, ulteriormente rafforzata con importanti miglioramenti in termini di affidabilit\u00e0, produttivit\u00e0 ed efficienza manutentiva (semplicit\u00e0 e rapidit\u00e0). Da ultimo, la stessa linea del caldo, grazie a gruppi caff\u00e8 maggiorati, potr\u00e0 cogliere ulteriori iniziative di sviluppo nei paesi del Centro e del Nord Europa.<\/p>\n<p>Per quanto riguarda i mercati di espansione, sono 4 le aree chiave per Fas International: i mercati \u2018core\u2019, di dimensioni importanti e market share maggiore del 10%, dove l\u2019obiettivo \u00e8 il consolidamento della quota nel settore del vending e lo sviluppo dell\u2019extra vending facendo leva sull\u2019approccio Retail Tech; i mercati \u2018high potential\u2019, sempre di grandi dimensioni per\u00f2 con market share di FAS inferiore al 10%, dove l\u2019obiettivo \u00e8 una crescita pi\u00f9 spinta attraverso l\u2019aumento della quota di mercato sia nel vending che Retail Tech; gli \u2018high growth\u2019 markets, ovvero i mercati che stanno crescendo molto velocemente, in cui si punta a mantenere la quota crescendo almeno quanto il mercato; infine i \u2018blank spots\u2019, ovvero mercati in cui FAS non \u00e8 ancora presente e su cui si stanno valutando nuove opportunit\u00e0. Relativamente ai Paesi specifici, il focus sar\u00e0 sul Nord Europa cos\u00ec come su Paesi consolidati come Francia, Polonia e Belgio, mentre grande attenzione si sta rivolgendo al Nord America e all\u2019Asia.<\/p>\n<\/div>\n                  <\/div>\n  <\/div>\n<\/section>\n\n\n\n\n<section class=\"block-spacer -bg-white -space-kilo\">\n\n<\/section>\n\n\n\n\n<section class=\"block-spacer -bg-light-grey -space-kilo\">\n\n<\/section>\n\n\n\n\n<section  class=\"block-content-left -bg-light-grey -content-mode-text\">\n  <div class=\"block-content-left__row\">\n          <p class=\"block-content-left__text\" data-inview>Ancora Francesco Cantini: \u00abLo sviluppo geografico \u00e8 nel DNA di Fas International e l\u2019estero continua ad essere in crescita e a trainare le nostre vendite: a conferma di ci\u00f2, il peso dell\u2019Italia nel mix dei ricavi si sta progressivamente ridimensionando a favore dei mercati internazionali. Intendiamo farci promotori della trasformazione del vending classico spingendo sulle macchine tecnologiche con pagamento digitale e, in piena coerenza con la visione seminale del fondatore \u2013 \u2018Tutto si pu\u00f2 vendere con un distributore automatico\u2019 \u2013, allargare il \u201cperimetro\u201d in ottica Retail Tech a settori diversi quali ad esempio la ristorazione collettiva cos\u00ec come il non food funzionale \u2013 la distribuzione di dispositivi di protezione individuale (DPI), minuteria metallica e attrezzatura da lavoro, ma anche cosmetici, accessori del mondo del fashion, etc. Tutto questo, pensando sempre alla sostenibilit\u00e0 ambientale, al risparmio energetico e alla circolarit\u00e0. Le soluzioni Fas sono vere e proprie piattaforme digitali integrate in grado di supportare e gestire l\u2019intera filiera, dalla fornitura alle prenotazioni al ritiro del prodotto, con l\u2019obiettivo di fornire un\u2019esperienza assolutamente fluida per il consumatore finale e, in parallelo, generare un netto miglioramento della qualit\u00e0 e del servizio e un significativo risparmio di tempo e riduzione di consumi\u00bb.<\/p>\n      <\/div>\n<\/section>\n\n\n\n\n<section class=\"block-spacer -bg-light-grey -space-xxl\">\n\n<\/section>\n\n\n\n\n<section  class=\"block-content-left -bg-light-grey -content-mode-text\">\n  <div class=\"block-content-left__row\">\n          <p class=\"block-content-left__text\" data-inview>\u00ab\u00c8 necessario uscire dall\u2019idea classica di macchina distributrice di snack \u2013 conclude Luca Adriani, amministratore delegato di Fas International \u2013: oggi il mondo del vending \u00e8 profondamente cambiato e in continua evoluzione. Fas International \u00e8 molto attenta alle nuove applicazioni tecnologiche e a offrire al consumatore finale un\u2019esperienza retail sempre pi\u00f9 personalizzata e consona alle sue esigenze. Le nostre macchine sono performanti e allo stesso tempo sostenibili grazie al loro contenuto tecnologico, e permettono una migliore gestione del tempo della forza lavoro grazie a giri di rifornimento dinamici, ovvero mirati e focalizzati sul reale fabbisogno dell\u2019utenza\u00bb.<\/p>\n      <\/div>\n<\/section>\n\n\n\n\n<section class=\"block-spacer -bg-light-grey -space-kilo\">\n\n<\/section>\n\n","protected":false},"featured_media":3712,"template":"","meta":{"_acf_changed":true},"tipologia-news":[119],"class_list":["post-3711","news","type-news","status-publish","has-post-thumbnail","hentry","tipologia-news-news"],"acf":[],"yoast_head":"<!-- This site is optimized with the Yoast SEO plugin v23.9 - https:\/\/yoast.com\/wordpress\/plugins\/seo\/ -->\n<title>Fas International acquisisce il 35% della veronese Alturas Sistemi Srl (sistemi gestionali per il vending) e vara il nuovo Piano Industriale 2025-27 - Fas international<\/title>\n<meta name=\"robots\" content=\"index, follow, max-snippet:-1, max-image-preview:large, max-video-preview:-1\" \/>\n<link rel=\"canonical\" href=\"https:\/\/www.fas.it\/it\/news\/fas-international-acquisisce-il-35-della-veronese-alturas-sistemi-srl-sistemi-gestionali-per-il-vending-e-vara-il-nuovo-piano-industriale-2025-27\/\" \/>\n<meta property=\"og:locale\" content=\"it_IT\" \/>\n<meta property=\"og:type\" content=\"article\" \/>\n<meta property=\"og:title\" content=\"Fas International acquisisce il 35% della veronese Alturas Sistemi Srl (sistemi gestionali per il vending) e vara il nuovo Piano Industriale 2025-27 - Fas international\" \/>\n<meta property=\"og:url\" content=\"https:\/\/www.fas.it\/it\/news\/fas-international-acquisisce-il-35-della-veronese-alturas-sistemi-srl-sistemi-gestionali-per-il-vending-e-vara-il-nuovo-piano-industriale-2025-27\/\" \/>\n<meta property=\"og:site_name\" content=\"Fas international\" \/>\n<meta property=\"article:modified_time\" content=\"2025-12-12T13:40:31+00:00\" \/>\n<meta property=\"og:image\" content=\"https:\/\/www.fas.it\/app\/uploads\/2024\/10\/Alturas.jpg\" \/>\n\t<meta property=\"og:image:width\" content=\"950\" \/>\n\t<meta property=\"og:image:height\" content=\"1080\" \/>\n\t<meta property=\"og:image:type\" content=\"image\/jpeg\" \/>\n<meta name=\"twitter:card\" content=\"summary_large_image\" \/>\n<meta name=\"twitter:label1\" content=\"Est. reading time\" \/>\n\t<meta name=\"twitter:data1\" content=\"1 minuto\" \/>\n<!-- \/ Yoast SEO plugin. -->","yoast_head_json":{"title":"Fas International acquisisce il 35% della veronese Alturas Sistemi Srl (sistemi gestionali per il vending) e vara il nuovo Piano Industriale 2025-27 - Fas international","robots":{"index":"index","follow":"follow","max-snippet":"max-snippet:-1","max-image-preview":"max-image-preview:large","max-video-preview":"max-video-preview:-1"},"canonical":"https:\/\/www.fas.it\/it\/news\/fas-international-acquisisce-il-35-della-veronese-alturas-sistemi-srl-sistemi-gestionali-per-il-vending-e-vara-il-nuovo-piano-industriale-2025-27\/","og_locale":"it_IT","og_type":"article","og_title":"Fas International acquisisce il 35% della veronese Alturas Sistemi Srl (sistemi gestionali per il vending) e vara il nuovo Piano Industriale 2025-27 - Fas international","og_url":"https:\/\/www.fas.it\/it\/news\/fas-international-acquisisce-il-35-della-veronese-alturas-sistemi-srl-sistemi-gestionali-per-il-vending-e-vara-il-nuovo-piano-industriale-2025-27\/","og_site_name":"Fas international","article_modified_time":"2025-12-12T13:40:31+00:00","og_image":[{"width":950,"height":1080,"url":"https:\/\/www.fas.it\/app\/uploads\/2024\/10\/Alturas.jpg","type":"image\/jpeg"}],"twitter_card":"summary_large_image","twitter_misc":{"Est. reading time":"1 minuto"},"schema":{"@context":"https:\/\/schema.org","@graph":[{"@type":"WebPage","@id":"https:\/\/www.fas.it\/it\/news\/fas-international-acquisisce-il-35-della-veronese-alturas-sistemi-srl-sistemi-gestionali-per-il-vending-e-vara-il-nuovo-piano-industriale-2025-27\/","url":"https:\/\/www.fas.it\/it\/news\/fas-international-acquisisce-il-35-della-veronese-alturas-sistemi-srl-sistemi-gestionali-per-il-vending-e-vara-il-nuovo-piano-industriale-2025-27\/","name":"Fas International acquisisce il 35% della veronese Alturas Sistemi Srl (sistemi gestionali per il vending) e vara il nuovo Piano Industriale 2025-27 - Fas international","isPartOf":{"@id":"https:\/\/www.fas.it\/it\/#website"},"primaryImageOfPage":{"@id":"https:\/\/www.fas.it\/it\/news\/fas-international-acquisisce-il-35-della-veronese-alturas-sistemi-srl-sistemi-gestionali-per-il-vending-e-vara-il-nuovo-piano-industriale-2025-27\/#primaryimage"},"image":{"@id":"https:\/\/www.fas.it\/it\/news\/fas-international-acquisisce-il-35-della-veronese-alturas-sistemi-srl-sistemi-gestionali-per-il-vending-e-vara-il-nuovo-piano-industriale-2025-27\/#primaryimage"},"thumbnailUrl":"https:\/\/www.fas.it\/app\/uploads\/2024\/10\/Alturas.jpg","datePublished":"2024-10-23T15:01:44+00:00","dateModified":"2025-12-12T13:40:31+00:00","breadcrumb":{"@id":"https:\/\/www.fas.it\/it\/news\/fas-international-acquisisce-il-35-della-veronese-alturas-sistemi-srl-sistemi-gestionali-per-il-vending-e-vara-il-nuovo-piano-industriale-2025-27\/#breadcrumb"},"inLanguage":"it-IT","potentialAction":[{"@type":"ReadAction","target":["https:\/\/www.fas.it\/it\/news\/fas-international-acquisisce-il-35-della-veronese-alturas-sistemi-srl-sistemi-gestionali-per-il-vending-e-vara-il-nuovo-piano-industriale-2025-27\/"]}]},{"@type":"ImageObject","inLanguage":"it-IT","@id":"https:\/\/www.fas.it\/it\/news\/fas-international-acquisisce-il-35-della-veronese-alturas-sistemi-srl-sistemi-gestionali-per-il-vending-e-vara-il-nuovo-piano-industriale-2025-27\/#primaryimage","url":"https:\/\/www.fas.it\/app\/uploads\/2024\/10\/Alturas.jpg","contentUrl":"https:\/\/www.fas.it\/app\/uploads\/2024\/10\/Alturas.jpg","width":950,"height":1080},{"@type":"BreadcrumbList","@id":"https:\/\/www.fas.it\/it\/news\/fas-international-acquisisce-il-35-della-veronese-alturas-sistemi-srl-sistemi-gestionali-per-il-vending-e-vara-il-nuovo-piano-industriale-2025-27\/#breadcrumb","itemListElement":[{"@type":"ListItem","position":1,"name":"Home","item":"https:\/\/www.fas.it\/it\/"},{"@type":"ListItem","position":2,"name":"News","item":"https:\/\/www.fas.it\/it\/news\/"},{"@type":"ListItem","position":3,"name":"Fas International acquisisce il 35% della veronese Alturas Sistemi Srl (sistemi gestionali per il vending) e vara il nuovo Piano Industriale 2025-27"}]},{"@type":"WebSite","@id":"https:\/\/www.fas.it\/it\/#website","url":"https:\/\/www.fas.it\/it\/","name":"Fas international","description":"","potentialAction":[{"@type":"SearchAction","target":{"@type":"EntryPoint","urlTemplate":"https:\/\/www.fas.it\/it\/?s={search_term_string}"},"query-input":{"@type":"PropertyValueSpecification","valueRequired":true,"valueName":"search_term_string"}}],"inLanguage":"it-IT"}]}},"_links":{"self":[{"href":"https:\/\/www.fas.it\/it\/wp-json\/wp\/v2\/news\/3711","targetHints":{"allow":["GET"]}}],"collection":[{"href":"https:\/\/www.fas.it\/it\/wp-json\/wp\/v2\/news"}],"about":[{"href":"https:\/\/www.fas.it\/it\/wp-json\/wp\/v2\/types\/news"}],"wp:featuredmedia":[{"embeddable":true,"href":"https:\/\/www.fas.it\/it\/wp-json\/wp\/v2\/media\/3712"}],"wp:attachment":[{"href":"https:\/\/www.fas.it\/it\/wp-json\/wp\/v2\/media?parent=3711"}],"wp:term":[{"taxonomy":"tipologia-news","embeddable":true,"href":"https:\/\/www.fas.it\/it\/wp-json\/wp\/v2\/tipologia-news?post=3711"}],"curies":[{"name":"wp","href":"https:\/\/api.w.org\/{rel}","templated":true}]}}