{"id":3065,"date":"2025-03-17T09:15:03","date_gmt":"2025-03-17T08:15:03","guid":{"rendered":"https:\/\/fas.it\/?post_type=news&#038;p=3065"},"modified":"2025-12-12T14:38:00","modified_gmt":"2025-12-12T13:38:00","slug":"fas-international-accelera-grazie-al-retail-tech-e-aumenta-il-fatturato-dell8","status":"publish","type":"news","link":"https:\/\/www.fas.it\/it\/news\/fas-international-accelera-grazie-al-retail-tech-e-aumenta-il-fatturato-dell8\/","title":{"rendered":"FAS International accelera grazie al \u201cretail tech\u201d e aumenta il fatturato dell\u20198%"},"content":{"rendered":"\n<section class=\"block-spacer -bg-white -space-xxxl\">\n\n<\/section>\n\n\n\n\n<section  class=\"block-content-half-columns -bg-white -content-mode-title_text\">\n  <div class=\"block-content-half-columns__row\">\n    <div class=\"block-content-half-columns__column\">\n          <h5 class=\"block-content-half-columns__title\" data-inview data-split>Chiuso il 2024 a 57,4 milioni di euro con un EBITDA di 12,9 milioni. La crescita trainata dai nuovi mercati<\/h5>\n        <\/div>\n    <div class=\"block-content-half-columns__column\">\n              <div class=\"block-content-half-columns__text\" data-inview><p>Il Managing Director Francesco Cantini: \u00abLa nuova strategia retail tech ci ha permesso di inquadrare nuove opportunit\u00e0 che vanno oltre il vending classico. Il 2025 si preannuncia complesso ma rimaniamo ottimisti e focalizzati sulla nostra roadmap di crescita\u00bb<\/p>\n<p>FAS International, azienda vicentina tra i principali player nel mercato della distribuzione automatica, chiude il 2024 con numeri in deciso aumento grazie al consolidamento di una nuova idea di vending, il \u201cretail tech\u201d, un cambio di direzione che vede la tecnologia al servizio del retail.<\/p>\n<p>L\u2019espressione \u201cretail tech\u201d si riferisce all\u2019uso e all\u2019applicazione di tecnologie innovative e digitali nell\u2019ambito del settore del commercio al dettaglio (retail). L\u2019approccio di FAS International vede la vending machine non come un semplice distributore automatico ma come un vero e proprio punto vendita automatizzato, attraverso il quale si pu\u00f2 vendere qualsiasi cosa, che integri soluzioni tecnologiche interconnesse, digitali e non, offrendo una nuova esperienza di acquisto fluida e coinvolgente, con un\u2019interfaccia utente pratica e immediata, soluzioni di pagamento cashless integrate e funzionali e con la possibilit\u00e0 di gestire configurazione e prestazioni della macchina nonch\u00e9  monitorarne la performance,  tutto da remoto.<\/p>\n<\/div>\n                  <\/div>\n  <\/div>\n<\/section>\n\n\n\n\n<section class=\"block-spacer -bg-white -space-xxl\">\n\n<\/section>\n\n\n\n\n<section  class=\"block-content-half-columns -bg-white -content-mode-title_text\">\n  <div class=\"block-content-half-columns__row\">\n    <div class=\"block-content-half-columns__column\">\n          <h5 class=\"block-content-half-columns__title\" data-inview data-split>I numeri del 2024<\/h5>\n        <\/div>\n    <div class=\"block-content-half-columns__column\">\n              <div class=\"block-content-half-columns__text\" data-inview><p> Nel 2024 il passaggio dal vending classico alla visione retail tech \u00e8 diventato il fulcro della strategia di FAS International e, anche grazie a questa svolta, l\u2019anno si \u00e8 chiuso con risultati importanti. Il fatturato si attesta a 57,4 milioni di euro, con un EBITDA di 12,9 milioni (22,5% sul fatturato), dai 53,2 milioni del 2023 (EBITDA a 10,3 milioni, 19,3% sul fatturato), in aumento dell\u20198%. Il totale di macchine vendute \u00e8 stato leggermente in calo rispetto al 2023 (circa 14.000 distributori) a causa soprattutto delle difficolt\u00e0 di mercato legate al segmento del \u201ccaldo\u201d, ma con un sensibile incremento del prezzo medio e della marginalit\u00e0 grazie al maggiore apporto di tecnologia e all\u2019aumento delle vendite dei modelli premium.<\/p>\n<p>Pi\u00f9 in generale, i positivi risultati derivano dalla crescita di quota di mercato nel segmento Snack &#038; Food, guidato sia dalla fidelizzazione dei clienti attivi che dalle nuove opportunit\u00e0 di business in Europa. Se l\u2019Italia resta il primo mercato di riferimento e Spagna e Francia rimangono saldamente le destinazioni estere dove Fas International esprime un presidio pi\u00f9 forte grazie al supporto dei propri partner \u2013 si pensi che oltre il 50% di tutti i distributori automatici Snack &#038; Food in Spagna \u00e8 targato Fas \u2013, il 2024 ha registrato ottime performance anche in altri mercati quali Polonia, Turchia, Slovenia e Romania, tutti mercati interessati da forti opportunit\u00e0 di crescita. Mentre Paesi come Germania e Gran Bretagna, dove Fas ha una quota di mercato pi\u00f9 contenuta, rappresentano opportunit\u00e0 di crescita molto elevate.<\/p>\n<\/div>\n                  <\/div>\n  <\/div>\n<\/section>\n\n\n\n\n<section class=\"block-spacer -bg-white -space-kilo\">\n\n<\/section>\n\n\n\n\n<section class=\"block-spacer -bg-light-grey -space-kilo\">\n\n<\/section>\n\n\n\n\n<section  class=\"block-content-left -bg-light-grey -content-mode-title_and_subtitle\">\n  <div class=\"block-content-left__row\">\n          <h2 class=\"block-content-left__title\" data-inview data-split>&#8220;L\u2019estero per noi \u00e8 sempre pi\u00f9 strategico&#8221;<\/h2>\n      <p class=\"block-content-left__subtitle\" data-inview>Francesco Cantini, Managing Director di FAS International, in azienda dal 2023<\/p>\n      <\/div>\n<\/section>\n\n\n\n\n<section class=\"block-spacer -bg-light-grey -space-kilo\">\n\n<\/section>\n\n\n\n\n<section class=\"block-spacer -bg-white -space-xxl\">\n\n<\/section>\n\n\n\n\n<section  class=\"block-content-left -bg-white -content-mode-text\">\n  <div class=\"block-content-left__row\">\n          <p class=\"block-content-left__text\" data-inview>I nostri prodotti sono in tutto il mondo ma l\u201980% delle nostre vendite viene fatto in appena 8 Paesi; c\u2019\u00e8 molto spazio per la crescita. Diverso \u00e8 il ragionamento sull\u2019Italia, che pur rimanendo il nostro mercato di riferimento resta molto competitivo e purtroppo stagnante: nel vending le erogazioni totali sono in flessione rendendo molto selettivi gli investimenti in nuove macchine, mentre aumenta il fenomeno del \u201crefurbishing\u201d, ovvero il ricondizionamento dei distributori usati, che per\u00f2 molto spesso non hanno la stessa efficacia e appeal di una macchina nuova in termini di design, interfaccia utente e funzionalit\u00e0, elementi essenziali per una \u2018user experience\u2019 fluida e gratificante, e sono decisamente meno performanti sotto il profilo della connettivit\u00e0 e dei consumi energetici. L\u2019aver virato con convinzione verso il retail tech ci ha permesso di portare una nuova visione al mercato, dove il miglioramento dell\u2019esperienza del consumatore finale \u00e8 al centro del paradigma e lo sforzo congiunto di FAS e dei propri clienti sta dando ottimi risultati. Nel 2025 dobbiamo intensificare il nostro impegno per accelerare questo percorso virtuoso di trasformazione e valorizzazione della filiera tracciato nel corso degli ultimi 18 mesi\u00bb.<\/p>\n      <\/div>\n<\/section>\n\n\n\n\n<section class=\"block-spacer -bg-white -space-xxl\">\n\n<\/section>\n\n\n\n\n<section  class=\"block-content-half-columns -bg-white -content-mode-title_text\">\n  <div class=\"block-content-half-columns__row\">\n    <div class=\"block-content-half-columns__column\">\n          <h5 class=\"block-content-half-columns__title\" data-inview data-split>Il 2025 e le prossime sfide<\/h5>\n        <\/div>\n    <div class=\"block-content-half-columns__column\">\n              <div class=\"block-content-half-columns__text\" data-inview><p>Il 2025 si preannuncia complesso per via della generale incertezza, aumentata ora anche dal rischio dazi, che va ad aggiungersi alle difficolt\u00e0 gi\u00e0 presenti in molti settori, quando non in intere aree e mercati, come la Germania e il Medio Oriente. Fas International intensificher\u00e0 i propri investimenti nella trasformazione del retail tech posizionando saldamente al centro del proprio focus il consumatore e la sua esperienza d\u2019acquisto, che sar\u00e0 sempre pi\u00f9 smart, ovvero facile e piacevole, sviluppando nuovi segmenti di business ad elevato potenziale, e portando la visione del retail tech anche in nuovi ambiti quali l\u2019hotellerie, la ristorazione collettiva e il commercio al dettaglio. Le previsioni del piano triennale indicano un 2025 con un fatturato ad oltre 60 milioni di euro.<\/p>\n<p>\u00abSono in cantiere nuovi prodotti, progetti e soluzioni sempre pi\u00f9 vicini alle esigenze del cliente \u2013 aggiunge Cantini \u2013. Il nostro approccio \u00e8 strutturato e punta alla valorizzazione delle soluzioni per aumentare il delta di superiorit\u00e0 tecnologica e di performance nel posizionamento attuale di FAS, sia nel segmento Hot &#038; Cold che nello Snack &#038; Food. Abbiamo una brand identity forte e nitida, un\u2019elevata qualit\u00e0 del prodotto e una forte vocazione alla digitalizzazione anche grazie all\u2019uso di intelligenza artificiale e alla pluriennale collaborazione con Alturas, software house di Villafranca di Verona specializzata in soluzioni retail tech. Lavoriamo per rafforzare la nostra rete commerciale e di assistenza e, contestualmente, far comprendere a clienti e consumatori il valore aggiunto di un approccio d\u2019acquisto diverso, quello supportato dal retail tech, pi\u00f9 comodo e immediato, pi\u00f9 sicuro ed efficiente e, soprattutto, pi\u00f9 sostenibile\u00bb.<\/p>\n<\/div>\n                  <\/div>\n  <\/div>\n<\/section>\n\n","protected":false},"featured_media":2662,"template":"","meta":{"_acf_changed":true},"tipologia-news":[119],"class_list":["post-3065","news","type-news","status-publish","has-post-thumbnail","hentry","tipologia-news-news"],"acf":[],"yoast_head":"<!-- This site is optimized with the Yoast SEO plugin v23.9 - https:\/\/yoast.com\/wordpress\/plugins\/seo\/ -->\n<title>FAS International accelera grazie al \u201cretail tech\u201d e aumenta il fatturato dell\u20198% - Fas international<\/title>\n<meta name=\"robots\" content=\"index, follow, max-snippet:-1, max-image-preview:large, max-video-preview:-1\" \/>\n<link rel=\"canonical\" href=\"https:\/\/www.fas.it\/it\/news\/fas-international-accelera-grazie-al-retail-tech-e-aumenta-il-fatturato-dell8\/\" \/>\n<meta property=\"og:locale\" content=\"it_IT\" \/>\n<meta property=\"og:type\" content=\"article\" \/>\n<meta property=\"og:title\" content=\"FAS International accelera grazie al \u201cretail tech\u201d e aumenta il fatturato dell\u20198% - Fas international\" \/>\n<meta property=\"og:url\" content=\"https:\/\/www.fas.it\/it\/news\/fas-international-accelera-grazie-al-retail-tech-e-aumenta-il-fatturato-dell8\/\" \/>\n<meta property=\"og:site_name\" content=\"Fas international\" \/>\n<meta property=\"article:modified_time\" content=\"2025-12-12T13:38:00+00:00\" \/>\n<meta property=\"og:image\" content=\"https:\/\/www.fas.it\/app\/uploads\/2025\/11\/sostiuz_smiderle-1-scaled.jpg\" \/>\n\t<meta property=\"og:image:width\" content=\"1631\" \/>\n\t<meta property=\"og:image:height\" content=\"2560\" \/>\n\t<meta property=\"og:image:type\" content=\"image\/jpeg\" \/>\n<meta name=\"twitter:card\" content=\"summary_large_image\" \/>\n<meta name=\"twitter:label1\" content=\"Est. reading time\" \/>\n\t<meta name=\"twitter:data1\" content=\"1 minuto\" \/>\n<!-- \/ Yoast SEO plugin. -->","yoast_head_json":{"title":"FAS International accelera grazie al \u201cretail tech\u201d e aumenta il fatturato dell\u20198% - Fas international","robots":{"index":"index","follow":"follow","max-snippet":"max-snippet:-1","max-image-preview":"max-image-preview:large","max-video-preview":"max-video-preview:-1"},"canonical":"https:\/\/www.fas.it\/it\/news\/fas-international-accelera-grazie-al-retail-tech-e-aumenta-il-fatturato-dell8\/","og_locale":"it_IT","og_type":"article","og_title":"FAS International accelera grazie al \u201cretail tech\u201d e aumenta il fatturato dell\u20198% - Fas international","og_url":"https:\/\/www.fas.it\/it\/news\/fas-international-accelera-grazie-al-retail-tech-e-aumenta-il-fatturato-dell8\/","og_site_name":"Fas international","article_modified_time":"2025-12-12T13:38:00+00:00","og_image":[{"width":1631,"height":2560,"url":"https:\/\/www.fas.it\/app\/uploads\/2025\/11\/sostiuz_smiderle-1-scaled.jpg","type":"image\/jpeg"}],"twitter_card":"summary_large_image","twitter_misc":{"Est. reading time":"1 minuto"},"schema":{"@context":"https:\/\/schema.org","@graph":[{"@type":"WebPage","@id":"https:\/\/www.fas.it\/it\/news\/fas-international-accelera-grazie-al-retail-tech-e-aumenta-il-fatturato-dell8\/","url":"https:\/\/www.fas.it\/it\/news\/fas-international-accelera-grazie-al-retail-tech-e-aumenta-il-fatturato-dell8\/","name":"FAS International accelera grazie al \u201cretail tech\u201d e aumenta il fatturato dell\u20198% - Fas international","isPartOf":{"@id":"https:\/\/www.fas.it\/it\/#website"},"primaryImageOfPage":{"@id":"https:\/\/www.fas.it\/it\/news\/fas-international-accelera-grazie-al-retail-tech-e-aumenta-il-fatturato-dell8\/#primaryimage"},"image":{"@id":"https:\/\/www.fas.it\/it\/news\/fas-international-accelera-grazie-al-retail-tech-e-aumenta-il-fatturato-dell8\/#primaryimage"},"thumbnailUrl":"https:\/\/www.fas.it\/app\/uploads\/2025\/11\/sostiuz_smiderle-1-scaled.jpg","datePublished":"2025-03-17T08:15:03+00:00","dateModified":"2025-12-12T13:38:00+00:00","breadcrumb":{"@id":"https:\/\/www.fas.it\/it\/news\/fas-international-accelera-grazie-al-retail-tech-e-aumenta-il-fatturato-dell8\/#breadcrumb"},"inLanguage":"it-IT","potentialAction":[{"@type":"ReadAction","target":["https:\/\/www.fas.it\/it\/news\/fas-international-accelera-grazie-al-retail-tech-e-aumenta-il-fatturato-dell8\/"]}]},{"@type":"ImageObject","inLanguage":"it-IT","@id":"https:\/\/www.fas.it\/it\/news\/fas-international-accelera-grazie-al-retail-tech-e-aumenta-il-fatturato-dell8\/#primaryimage","url":"https:\/\/www.fas.it\/app\/uploads\/2025\/11\/sostiuz_smiderle-1-scaled.jpg","contentUrl":"https:\/\/www.fas.it\/app\/uploads\/2025\/11\/sostiuz_smiderle-1-scaled.jpg","width":1631,"height":2560},{"@type":"BreadcrumbList","@id":"https:\/\/www.fas.it\/it\/news\/fas-international-accelera-grazie-al-retail-tech-e-aumenta-il-fatturato-dell8\/#breadcrumb","itemListElement":[{"@type":"ListItem","position":1,"name":"Home","item":"https:\/\/www.fas.it\/it\/"},{"@type":"ListItem","position":2,"name":"News","item":"https:\/\/www.fas.it\/it\/news\/"},{"@type":"ListItem","position":3,"name":"FAS International accelera grazie al \u201cretail tech\u201d e aumenta il fatturato dell\u20198%"}]},{"@type":"WebSite","@id":"https:\/\/www.fas.it\/it\/#website","url":"https:\/\/www.fas.it\/it\/","name":"Fas international","description":"","potentialAction":[{"@type":"SearchAction","target":{"@type":"EntryPoint","urlTemplate":"https:\/\/www.fas.it\/it\/?s={search_term_string}"},"query-input":{"@type":"PropertyValueSpecification","valueRequired":true,"valueName":"search_term_string"}}],"inLanguage":"it-IT"}]}},"_links":{"self":[{"href":"https:\/\/www.fas.it\/it\/wp-json\/wp\/v2\/news\/3065","targetHints":{"allow":["GET"]}}],"collection":[{"href":"https:\/\/www.fas.it\/it\/wp-json\/wp\/v2\/news"}],"about":[{"href":"https:\/\/www.fas.it\/it\/wp-json\/wp\/v2\/types\/news"}],"wp:featuredmedia":[{"embeddable":true,"href":"https:\/\/www.fas.it\/it\/wp-json\/wp\/v2\/media\/2662"}],"wp:attachment":[{"href":"https:\/\/www.fas.it\/it\/wp-json\/wp\/v2\/media?parent=3065"}],"wp:term":[{"taxonomy":"tipologia-news","embeddable":true,"href":"https:\/\/www.fas.it\/it\/wp-json\/wp\/v2\/tipologia-news?post=3065"}],"curies":[{"name":"wp","href":"https:\/\/api.w.org\/{rel}","templated":true}]}}